{"id":46,"date":"2014-04-02T07:13:38","date_gmt":"2014-04-02T05:13:38","guid":{"rendered":"http:\/\/amity.com.pl\/index.php\/2014\/04\/02\/szkolenie-trenerow-art-sluzby-wieziennej\/"},"modified":"2019-10-15T10:57:27","modified_gmt":"2019-10-15T08:57:27","slug":"szkolenie-trenerow-art-sluzby-wieziennej","status":"publish","type":"post","link":"https:\/\/amity.pl\/?p=46","title":{"rendered":"SZKOLENIE TRENER\u00d3W ART S\u0141U\u017bBY WI\u0118ZIENNEJ"},"content":{"rendered":"<p>W dniach 17 \u2013 19 lutego 2014 r. trenerzy ART Instytutu Amity przeprowadzili w ODK w Suchej uzupe\u0142niaj\u0105ce szkolenie trenerskie Treningu Zast\u0119powania Agresji ART dla personelu S\u0142u\u017cby Wi\u0119ziennej, uczestnicz\u0105cego w projekcie Instytutu Wymiaru Sprawiedliwo\u015bci M.S. ewaluacji program\u00f3w resocjalizacyjnych w zak\u0142adach karnych 2014-2015, z udzia\u0142em Centralnego Zarz\u0105du S\u0142u\u017cby Wi\u0119ziennej, Instytutu Amity oraz Instytutu Profilaktyki Przemocy.<\/p>\n<p>  <!--more-->  <\/p>\n<p><span style=\"line-height: 1.3em;\">W dniach 17 \u2013 19 lutego 2014 r. trenerzy ART Instytutu Amity przeprowadzili w ODK w Suchej uzupe\u0142niaj\u0105ce szkolenie trenerskie Treningu Zast\u0119powania Agresji ART dla personelu S\u0142u\u017cby Wi\u0119ziennej, uczestnicz\u0105cego w projekcie Instytutu Wymiaru Sprawiedliwo\u015bci M.S. ewaluacji program\u00f3w resocjalizacyjnych w zak\u0142adach karnych 2014-2015, z udzia\u0142em Centralnego Zarz\u0105du S\u0142u\u017cby Wi\u0119ziennej, Instytutu Amity oraz Instytutu Profilaktyki Przemocy.<\/span><\/p>\n<p><span style=\"line-height: 1.3em;\">Wdra\u017canie ART w wi\u0119ziennictwie rodzi szereg wyzwa\u0144. Pierwszym jest dostosowanie ART do doros\u0142ych odbiorc\u00f3w. Trening Zast\u0119powania Agresji jest interwencj\u0105 behawioralno-poznawcz\u0105, osadzon\u0105 w metodologii nauczania precyzyjnego. Oznacza to, \u017ce oczekiwane efekty mog\u0105 by\u0107 osi\u0105gni\u0119te jedynie przy takiej realizacji treningu, kt\u00f3ra wiernie realizuje przepisane regu\u0142y i procedury, z jednoczesnym dostosowaniem i indywidualizacj\u0105 w ramach tych regu\u0142 i procedur. Publikowane podr\u0119czniki treningu ART Goldsteina i Glicka (oryginalne ameryka\u0144skie i wydane po polsku) omawiaj\u0105 interwencje dostosowane dla nieletnich przest\u0119pc\u00f3w. Trening w zak\u0142adach karnych, nawet dla m\u0142odocianych, kopiuj\u0105cy interwencje wobec nieletnich, jest nieadekwatny i nieefektywny. Udowodni\u0142y to badania ewaluacyjne treningu zast\u0119powania agresji, przeprowadzone w szwedzkim systemie penitencjarnym, w kt\u00f3rym niedostosowane oddzia\u0142ywania prowadzi\u0142y do wzrostu recydywy. W Instytucie Amity, w konsultacji z ameryka\u0144skimi Autorami, zosta\u0142 opracowany autorski program treningu ART doros\u0142ych, wdra\u017cany od 2001 roku w polskim wi\u0119ziennictwie. Nie wiadomo, w braku systemu akredytacji i kontroli jako\u015bci, na ile szkolenia trener\u00f3w SW realizowane przez nie licencjonowanych trener\u00f3w, spe\u0142nia\u0142y wymogi treningu ART doros\u0142ych.<\/span><\/p>\n<p><span style=\"line-height: 1.3em;\">Kolejnym wyzwaniem jest szkolenie trener\u00f3w wewn\u0119trznych, spo\u015br\u00f3d personelu S\u0142u\u017cby Wi\u0119ziennej. Treningi ART w wi\u0119zieniach mog\u0105 prowadzi\u0107 trenerzy zewn\u0119trzni (cywilni), jak i wewn\u0119trzni. Nie ka\u017cdy jednak ma predyspozycje i gotowo\u015b\u0107 do pracy trenerskiej. Powstaje przede wszystkim kwestia ewentualnych sprzeczno\u015bci roli trenera ART- penitencjarystyki XXI wieku \u2013 z tradycyjn\u0105 rol\u0105 funkcjonariusza S\u0142u\u017cby Wi\u0119ziennej. W ART trener odgrywa kluczow\u0105 rol\u0119, gdy\u017c trening opiera si\u0119 na obserwacyjnym uczeniu si\u0119, w kt\u00f3rym trener pe\u0142ni funkcj\u0119 przede wszystkim modela zachowa\u0144 prospo\u0142ecznych, kontroli emocjonalnej i humanistycznej postawy moralnej. Wszystko to sk\u0142ada si\u0119 na pozycj\u0119 \u017cyciow\u0105 trenera, kt\u00f3rej pochodn\u0105 jest dopiero modelowanie poznawcze i behawioralne konkretnych umiej\u0119tno\u015bci ART. Cywile wybieraj\u0105 zaw\u00f3d trenera na og\u00f3\u0142 z zainteresowania, a Instytut Amity monitoruje ich kompetencje ART, zgodnie z procedurami Goldsteina i Glicka i treningu szczeg\u00f3lnych kategorii odbiorc\u00f3w. W S\u0142u\u017cbie Wi\u0119ziennej kandydaci na szkolenie trenerskie cz\u0119sto s\u0105 kierowani na rozkaz, bez uwzgl\u0119dniania ich predyspozycji i preferencji. Proces ten nasili\u0142 si\u0119 zw\u0142aszcza w okresie masowych szkole\u0144 z wykorzystaniem funduszy europejskich. Nie wiadomo, jak funkcjonuj\u0105 tacy trenerzy, gdy\u017c brak jest w polskim wi\u0119ziennictwie zar\u00f3wno zakontraktowanych odpowiednich us\u0142ug zewn\u0119trznych, jak i wewn\u0119trznego systemu oceny kompetencji trenerskich ART, chocia\u017cby na wz\u00f3r brytyjskiego wymiaru sprawiedliwo\u015bci. St\u0105d te\u017c w programie badawczym zostali zakwalifikowani \u2013 z nielicznymi wyj\u0105tkami &#8211; trenerzy szkoleni wed\u0142ug standard\u00f3w treningu doros\u0142ych Instytutu Amity.<\/span><\/p>\n<p>Wymienione zagadnienia nie wyczerpuj\u0105 oczywi\u015bcie listy wyzwa\u0144 programu badawczego.<\/p>\n<p>\u00a0<\/p>\n","protected":false},"excerpt":{"rendered":"<p>W dniach 17 \u2013 19 lutego 2014 r. trenerzy ART Instytutu Amity przeprowadzili w ODK w Suchej uzupe\u0142niaj\u0105ce szkolenie trenerskie Treningu Zast\u0119powania Agresji ART dla [&hellip;]<\/p>\n","protected":false},"author":3,"featured_media":0,"comment_status":"open","ping_status":"open","sticky":false,"template":"","format":"standard","meta":{"_acf_changed":false,"footnotes":""},"categories":[8],"tags":[],"class_list":["post-46","post","type-post","status-publish","format-standard","hentry","category-aktualnosci"],"acf":[],"aioseo_notices":[],"_links":{"self":[{"href":"https:\/\/amity.pl\/index.php?rest_route=\/wp\/v2\/posts\/46","targetHints":{"allow":["GET"]}}],"collection":[{"href":"https:\/\/amity.pl\/index.php?rest_route=\/wp\/v2\/posts"}],"about":[{"href":"https:\/\/amity.pl\/index.php?rest_route=\/wp\/v2\/types\/post"}],"author":[{"embeddable":true,"href":"https:\/\/amity.pl\/index.php?rest_route=\/wp\/v2\/users\/3"}],"replies":[{"embeddable":true,"href":"https:\/\/amity.pl\/index.php?rest_route=%2Fwp%2Fv2%2Fcomments&post=46"}],"version-history":[{"count":1,"href":"https:\/\/amity.pl\/index.php?rest_route=\/wp\/v2\/posts\/46\/revisions"}],"predecessor-version":[{"id":1637,"href":"https:\/\/amity.pl\/index.php?rest_route=\/wp\/v2\/posts\/46\/revisions\/1637"}],"wp:attachment":[{"href":"https:\/\/amity.pl\/index.php?rest_route=%2Fwp%2Fv2%2Fmedia&parent=46"}],"wp:term":[{"taxonomy":"category","embeddable":true,"href":"https:\/\/amity.pl\/index.php?rest_route=%2Fwp%2Fv2%2Fcategories&post=46"},{"taxonomy":"post_tag","embeddable":true,"href":"https:\/\/amity.pl\/index.php?rest_route=%2Fwp%2Fv2%2Ftags&post=46"}],"curies":[{"name":"wp","href":"https:\/\/api.w.org\/{rel}","templated":true}]}}